{"id":12035,"date":"2021-03-06T12:36:18","date_gmt":"2021-03-06T15:36:18","guid":{"rendered":"https:\/\/test2.jacquesbedel.com\/?p=12035"},"modified":"2023-08-15T12:44:56","modified_gmt":"2023-08-15T15:44:56","slug":"12035-2","status":"publish","type":"post","link":"https:\/\/jacquesbedel.com\/en\/12035-2\/","title":{"rendered":"PREMIO ANDREANI  06\/03\/2021"},"content":{"rendered":"<section class=\"wpb-content-wrapper\"><div class=\"vc_row wpb_row vc_row-fluid\"><div class=\"wpb_column vc_column_container vc_col-sm-12\"><div class=\"vc_column-inner\"><div class=\"wpb_wrapper\">\n\t<div class=\"wpb_text_column wpb_content_element\" >\n\t\t<div class=\"wpb_wrapper\">\n\t\t\t<h5><strong>2021<\/strong><\/h5>\n<h5>PREMIO ANDREANI \u00a006\/03\/2021<\/h5>\n<p>Se inaugur\u00e1 la VII Edici\u00f3n del Premio Andreani en la sede de la Fundaci\u00f3n Andreani. Jacques Bedel expone su obra \u201cAntinomia\u201d.<\/p>\n\n\t\t<\/div>\n\t<\/div>\n<\/div><\/div><\/div><\/div>\n<\/section>","protected":false},"excerpt":{"rendered":"2021 PREMIO ANDREANI \u00a006\/03\/2021 Se inaugur\u00e1 la VII Edici\u00f3n del Premio Andreani en la sede de la Fundaci\u00f3n Andreani. Jacques Bedel expone su obra \u201cAntinomia\u201d.","protected":false},"author":1,"featured_media":9393,"comment_status":"open","ping_status":"open","sticky":false,"template":"","format":"standard","meta":{"footnotes":""},"categories":[88],"tags":[],"class_list":["post-12035","post","type-post","status-publish","format-standard","has-post-thumbnail","hentry","category-novedades"],"_links":{"self":[{"href":"https:\/\/jacquesbedel.com\/en\/wp-json\/wp\/v2\/posts\/12035"}],"collection":[{"href":"https:\/\/jacquesbedel.com\/en\/wp-json\/wp\/v2\/posts"}],"about":[{"href":"https:\/\/jacquesbedel.com\/en\/wp-json\/wp\/v2\/types\/post"}],"author":[{"embeddable":true,"href":"https:\/\/jacquesbedel.com\/en\/wp-json\/wp\/v2\/users\/1"}],"replies":[{"embeddable":true,"href":"https:\/\/jacquesbedel.com\/en\/wp-json\/wp\/v2\/comments?post=12035"}],"version-history":[{"count":2,"href":"https:\/\/jacquesbedel.com\/en\/wp-json\/wp\/v2\/posts\/12035\/revisions"}],"predecessor-version":[{"id":12048,"href":"https:\/\/jacquesbedel.com\/en\/wp-json\/wp\/v2\/posts\/12035\/revisions\/12048"}],"wp:featuredmedia":[{"embeddable":true,"href":"https:\/\/jacquesbedel.com\/en\/wp-json\/wp\/v2\/media\/9393"}],"wp:attachment":[{"href":"https:\/\/jacquesbedel.com\/en\/wp-json\/wp\/v2\/media?parent=12035"}],"wp:term":[{"taxonomy":"category","embeddable":true,"href":"https:\/\/jacquesbedel.com\/en\/wp-json\/wp\/v2\/categories?post=12035"},{"taxonomy":"post_tag","embeddable":true,"href":"https:\/\/jacquesbedel.com\/en\/wp-json\/wp\/v2\/tags?post=12035"}],"curies":[{"name":"wp","href":"https:\/\/api.w.org\/{rel}","templated":true}]}}